{"id":44671,"date":"2024-02-09T07:30:00","date_gmt":"2024-02-09T06:30:00","guid":{"rendered":"https:\/\/www.ludovika.hu\/?p=44671"},"modified":"2025-09-23T12:16:23","modified_gmt":"2025-09-23T10:16:23","slug":"european-defense-on-the-horizon","status":"publish","type":"post","link":"https:\/\/www.ludovika.hu\/en\/blogs\/the-daily-european\/2024\/02\/09\/european-defense-on-the-horizon\/","title":{"rendered":"European defense on the horizon"},"content":{"rendered":"\n<h2 class=\"wp-block-heading\">Revival of the Franco-German engine?<\/h2>\n\n\n\n<div style=\"height:25px\" aria-hidden=\"true\" class=\"wp-block-spacer\"><\/div>\n\n\n\n<p><strong>In the last couple of years &#8211; and decades &#8211; the German defense industry has been underperforming due to the German political elite\u2019s reluctance to face current challenges such as migration and armed conflicts facing Europe today. Nevertheless, after Russia\u2019s invasion of Ukraine, the country\u2019s <\/strong><a href=\"https:\/\/www.bundesregierung.de\/resource\/blob\/992814\/2131062\/78d39dda6647d7f835bbe76713d30c31\/bundeskanzler-olaf-scholz-reden-zur-zeitenwende-download-bpa-data.pdf\"><strong><em>Zeitenwende<\/em><\/strong><\/a><strong><em>&nbsp;<\/em>promoted a historical change in the country\u2019s security and foreign policy.<\/strong><\/p>\n\n\n\n<p>While Germany\u2019s foreign policy was revolving around the notion of the &#8220;<a href=\"https:\/\/www.globsec.org\/what-we-do\/publications\/how-committed-germany-zeitenwende-defence\">Wandel-durch-Handel<\/a>\u201d principle placing trade and cultural relations first, Russia\u2019s action has seem to fundamentally changed German political thinking. The German Chancellor\u2019s speech would make the country more proactive in defending Europe\u2019s interests around the world and while the speech is historically significant, only small progress has been made in shifting the country in an age of emerging risks and military challenges. Until now. The German Chancellor\u2019s meeting with the newly appointed French prime minister Attal -if even only verbally- have revived projects such as the Future Combat Air System (FCAS) and the Main Ground Combat System (MGCS). The former would replace the Eurofighter which would succeed Germany\u2019s Leopards and France\u2019s Leclerc tanks.<\/p>\n\n\n\n<p>The Eurofighter developed in the 1990s as a 4<sup>th<\/sup>&nbsp;generation fighting jet is planned for a phase-out in the coming decade, while the&nbsp;<a href=\"https:\/\/www.airbus.com\/en\/products-services\/defence\/multi-domain-superiority\/future-combat-air-system-fcas\">Future Combat Air System<\/a>&nbsp;(FCAS) would reach full operational capability by 2040. The difference between the two technologies is, that FCAS would work as a &#8220;system of systems\u201d, meaning that next generation fighters would work together with drone systems, satellites and remote carriers utilizing cloud and AI capabilities. The discussions also revolved around a single European battle tank, where the Leclerc and Leopard tanks would be replaced by the&nbsp;<a href=\"https:\/\/cepa.org\/article\/europes-next-generation-main-battle-tank-new-hope\/\">Main Ground Combat System<\/a>&nbsp;(MGCS), a joint project started in 2017. Former interest by Italy, Spain and Poland can strengthen the development phase, however the escalation of the war in Ukraine creates a great amount of uncertainty to defense developments with an increased need of utilizing already existing defense equipment.<\/p>\n\n\n\n<p>Similar to FCAS, the MCAS is also a \u201csystem of systems\u201d which can be best characterized as a&nbsp;<a href=\"https:\/\/www.isl.eu\/documents\/flyers\/EN\/isl_MGCS_EN_nm.pdf\">team of vehicles<\/a> involving drones, sensors, light and heavy platforms providing immediate combat collaborative capability through man-machine interface. The complexity of these defense systems have only been hypothetically tested, nevertheless take into account the new generation of threats that Europe is facing. While Europe has lost decades under the auspices of the United States, it cannot solely rely on uncertain transatlantic partners in a rapidly decreasing security environment. No matter the outcome of the U.S. elections, Europe will need to rise to the task of creating its own defense industry 80 years after WWII. It is crucial that such projects are cross-border and cross-regional, including Central-Eastern Europe and small- and medium enterprises in order to have full ownership across the defense supply chain. Which is why to be successful, FCAS and MGCS will need to be integrated into the&nbsp;<a href=\"https:\/\/www.pesco.europa.eu\/\">Permanent Structured Cooperation<\/a>&nbsp;projects for full European ownership and credibility. Hopefully the Scholz-Attal discussions will reach a wider audience of European (EU) leaders, in light of the upcoming elections and will prove that there is real unity in diversity in the field of the EU\u2019s defense industry.<\/p>\n\n\n\n<p><em>Image: depositphotos.com<\/em><\/p>\n","protected":false},"excerpt":{"rendered":"<p>Revival of the Franco-German engine?<\/p>\n","protected":false},"author":91,"featured_media":58002,"comment_status":"closed","ping_status":"closed","sticky":false,"template":"","format":"standard","meta":{"_acf_changed":false,"footnotes":""},"categories":[1506],"tags":[1564,1755,3425],"class_list":["post-44671","post","type-post","status-publish","format-standard","has-post-thumbnail","hentry","category-the-daily-european","tag-european-union","tag-nato-2","tag-war"],"featured_image_src":"https:\/\/www.ludovika.hu\/wp-content\/uploads\/2025\/09\/eu-flag_16x9.jpg","author_info":{"display_name":"Miszlivetz \u00c1ron","author_link":"https:\/\/www.ludovika.hu\/en\/author\/aron-miszlivetz\/"},"acf":[],"yoast_head":"<!-- This site is optimized with the Yoast SEO plugin v26.3 - https:\/\/yoast.com\/wordpress\/plugins\/seo\/ -->\n<title>European defense on the horizon - Ludovika.hu<\/title>\n<meta name=\"robots\" content=\"index, follow, max-snippet:-1, max-image-preview:large, max-video-preview:-1\" \/>\n<link rel=\"canonical\" href=\"https:\/\/www.ludovika.hu\/en\/blogs\/the-daily-european\/2024\/02\/09\/european-defense-on-the-horizon\/\" \/>\n<meta property=\"og:locale\" content=\"en_US\" \/>\n<meta property=\"og:type\" content=\"article\" \/>\n<meta property=\"og:title\" content=\"European defense on the horizon - Ludovika.hu\" \/>\n<meta property=\"og:description\" content=\"Revival of the Franco-German engine?\" \/>\n<meta property=\"og:url\" content=\"https:\/\/www.ludovika.hu\/en\/blogs\/the-daily-european\/2024\/02\/09\/european-defense-on-the-horizon\/\" \/>\n<meta property=\"og:site_name\" content=\"Ludovika.hu\" \/>\n<meta property=\"article:published_time\" content=\"2024-02-09T06:30:00+00:00\" \/>\n<meta property=\"article:modified_time\" content=\"2025-09-23T10:16:23+00:00\" \/>\n<meta property=\"og:image\" content=\"https:\/\/www.ludovika.hu\/wp-content\/uploads\/2025\/09\/eu-flag_16x9.jpg\" \/>\n\t<meta property=\"og:image:width\" content=\"2370\" \/>\n\t<meta property=\"og:image:height\" content=\"1333\" \/>\n\t<meta property=\"og:image:type\" content=\"image\/jpeg\" \/>\n<meta name=\"author\" content=\"Miszlivetz \u00c1ron\" \/>\n<meta name=\"twitter:card\" content=\"summary_large_image\" \/>\n<meta name=\"twitter:label1\" content=\"Written by\" \/>\n\t<meta name=\"twitter:data1\" content=\"Miszlivetz \u00c1ron\" \/>\n\t<meta name=\"twitter:label2\" content=\"Est. reading time\" \/>\n\t<meta name=\"twitter:data2\" content=\"4 minutes\" \/>\n<script type=\"application\/ld+json\" class=\"yoast-schema-graph\">{\"@context\":\"https:\/\/schema.org\",\"@graph\":[{\"@type\":\"Article\",\"@id\":\"https:\/\/www.ludovika.hu\/en\/blogs\/the-daily-european\/2024\/02\/09\/european-defense-on-the-horizon\/#article\",\"isPartOf\":{\"@id\":\"https:\/\/www.ludovika.hu\/en\/blogs\/the-daily-european\/2024\/02\/09\/european-defense-on-the-horizon\/\"},\"author\":{\"name\":\"Miszlivetz \u00c1ron\",\"@id\":\"https:\/\/www.ludovika.hu\/#\/schema\/person\/359d679692fa269656e6edfa1345fc7b\"},\"headline\":\"European defense on the horizon\",\"datePublished\":\"2024-02-09T06:30:00+00:00\",\"dateModified\":\"2025-09-23T10:16:23+00:00\",\"mainEntityOfPage\":{\"@id\":\"https:\/\/www.ludovika.hu\/en\/blogs\/the-daily-european\/2024\/02\/09\/european-defense-on-the-horizon\/\"},\"wordCount\":558,\"publisher\":{\"@id\":\"https:\/\/www.ludovika.hu\/#organization\"},\"image\":{\"@id\":\"https:\/\/www.ludovika.hu\/en\/blogs\/the-daily-european\/2024\/02\/09\/european-defense-on-the-horizon\/#primaryimage\"},\"thumbnailUrl\":\"https:\/\/www.ludovika.hu\/wp-content\/uploads\/2025\/09\/eu-flag_16x9.jpg\",\"keywords\":[\"European Union\",\"NATO\",\"war\"],\"articleSection\":[\"The Daily European\"],\"inLanguage\":\"en-US\"},{\"@type\":\"WebPage\",\"@id\":\"https:\/\/www.ludovika.hu\/en\/blogs\/the-daily-european\/2024\/02\/09\/european-defense-on-the-horizon\/\",\"url\":\"https:\/\/www.ludovika.hu\/en\/blogs\/the-daily-european\/2024\/02\/09\/european-defense-on-the-horizon\/\",\"name\":\"European defense on the horizon - Ludovika.hu\",\"isPartOf\":{\"@id\":\"https:\/\/www.ludovika.hu\/#website\"},\"primaryImageOfPage\":{\"@id\":\"https:\/\/www.ludovika.hu\/en\/blogs\/the-daily-european\/2024\/02\/09\/european-defense-on-the-horizon\/#primaryimage\"},\"image\":{\"@id\":\"https:\/\/www.ludovika.hu\/en\/blogs\/the-daily-european\/2024\/02\/09\/european-defense-on-the-horizon\/#primaryimage\"},\"thumbnailUrl\":\"https:\/\/www.ludovika.hu\/wp-content\/uploads\/2025\/09\/eu-flag_16x9.jpg\",\"datePublished\":\"2024-02-09T06:30:00+00:00\",\"dateModified\":\"2025-09-23T10:16:23+00:00\",\"breadcrumb\":{\"@id\":\"https:\/\/www.ludovika.hu\/en\/blogs\/the-daily-european\/2024\/02\/09\/european-defense-on-the-horizon\/#breadcrumb\"},\"inLanguage\":\"en-US\",\"potentialAction\":[{\"@type\":\"ReadAction\",\"target\":[\"https:\/\/www.ludovika.hu\/en\/blogs\/the-daily-european\/2024\/02\/09\/european-defense-on-the-horizon\/\"]}]},{\"@type\":\"ImageObject\",\"inLanguage\":\"en-US\",\"@id\":\"https:\/\/www.ludovika.hu\/en\/blogs\/the-daily-european\/2024\/02\/09\/european-defense-on-the-horizon\/#primaryimage\",\"url\":\"https:\/\/www.ludovika.hu\/wp-content\/uploads\/2025\/09\/eu-flag_16x9.jpg\",\"contentUrl\":\"https:\/\/www.ludovika.hu\/wp-content\/uploads\/2025\/09\/eu-flag_16x9.jpg\",\"width\":2370,\"height\":1333},{\"@type\":\"BreadcrumbList\",\"@id\":\"https:\/\/www.ludovika.hu\/en\/blogs\/the-daily-european\/2024\/02\/09\/european-defense-on-the-horizon\/#breadcrumb\",\"itemListElement\":[{\"@type\":\"ListItem\",\"position\":1,\"name\":\"BLOGS\",\"item\":\"https:\/\/www.ludovika.hu\/en\/blogs\/\"},{\"@type\":\"ListItem\",\"position\":2,\"name\":\"The Daily European\",\"item\":\"https:\/\/www.ludovika.hu\/en\/blogs\/the-daily-european\/\"},{\"@type\":\"ListItem\",\"position\":3,\"name\":\"European defense on the horizon\"}]},{\"@type\":\"WebSite\",\"@id\":\"https:\/\/www.ludovika.hu\/#website\",\"url\":\"https:\/\/www.ludovika.hu\/\",\"name\":\"Ludovika.hu\",\"description\":\"Tudom\u00e1nyos ismeretterjeszt\u0151 platform\",\"publisher\":{\"@id\":\"https:\/\/www.ludovika.hu\/#organization\"},\"potentialAction\":[{\"@type\":\"SearchAction\",\"target\":{\"@type\":\"EntryPoint\",\"urlTemplate\":\"https:\/\/www.ludovika.hu\/?s={search_term_string}\"},\"query-input\":{\"@type\":\"PropertyValueSpecification\",\"valueRequired\":true,\"valueName\":\"search_term_string\"}}],\"inLanguage\":\"en-US\"},{\"@type\":\"Organization\",\"@id\":\"https:\/\/www.ludovika.hu\/#organization\",\"name\":\"Ludovika Egyetemi Kiad\u00f3\",\"url\":\"https:\/\/www.ludovika.hu\/\",\"logo\":{\"@type\":\"ImageObject\",\"inLanguage\":\"en-US\",\"@id\":\"https:\/\/www.ludovika.hu\/#\/schema\/logo\/image\/\",\"url\":\"https:\/\/www.ludovika.hu\/wp-content\/uploads\/2020\/02\/ludovika_egyetemi_kiado.png\",\"contentUrl\":\"https:\/\/www.ludovika.hu\/wp-content\/uploads\/2020\/02\/ludovika_egyetemi_kiado.png\",\"width\":486,\"height\":91,\"caption\":\"Ludovika Egyetemi Kiad\u00f3\"},\"image\":{\"@id\":\"https:\/\/www.ludovika.hu\/#\/schema\/logo\/image\/\"}},{\"@type\":\"Person\",\"@id\":\"https:\/\/www.ludovika.hu\/#\/schema\/person\/359d679692fa269656e6edfa1345fc7b\",\"name\":\"Miszlivetz \u00c1ron\",\"image\":{\"@type\":\"ImageObject\",\"inLanguage\":\"en-US\",\"@id\":\"https:\/\/www.ludovika.hu\/#\/schema\/person\/image\/\",\"url\":\"https:\/\/www.ludovika.hu\/wp-content\/uploads\/2020\/05\/aron_miszlivetz-150x150.jpg\",\"contentUrl\":\"https:\/\/www.ludovika.hu\/wp-content\/uploads\/2020\/05\/aron_miszlivetz-150x150.jpg\",\"caption\":\"Miszlivetz \u00c1ron\"},\"description\":\"kutat\u00f3, NKE Eur\u00f3pa Strat\u00e9gia Kutat\u00f3int\u00e9zet\",\"url\":\"https:\/\/www.ludovika.hu\/en\/author\/aron-miszlivetz\/\"}]}<\/script>\n<!-- \/ Yoast SEO plugin. -->","yoast_head_json":{"title":"European defense on the horizon - Ludovika.hu","robots":{"index":"index","follow":"follow","max-snippet":"max-snippet:-1","max-image-preview":"max-image-preview:large","max-video-preview":"max-video-preview:-1"},"canonical":"https:\/\/www.ludovika.hu\/en\/blogs\/the-daily-european\/2024\/02\/09\/european-defense-on-the-horizon\/","og_locale":"en_US","og_type":"article","og_title":"European defense on the horizon - Ludovika.hu","og_description":"Revival of the Franco-German engine?","og_url":"https:\/\/www.ludovika.hu\/en\/blogs\/the-daily-european\/2024\/02\/09\/european-defense-on-the-horizon\/","og_site_name":"Ludovika.hu","article_published_time":"2024-02-09T06:30:00+00:00","article_modified_time":"2025-09-23T10:16:23+00:00","og_image":[{"width":2370,"height":1333,"url":"https:\/\/www.ludovika.hu\/wp-content\/uploads\/2025\/09\/eu-flag_16x9.jpg","type":"image\/jpeg"}],"author":"Miszlivetz \u00c1ron","twitter_card":"summary_large_image","twitter_misc":{"Written by":"Miszlivetz \u00c1ron","Est. reading time":"4 minutes"},"schema":{"@context":"https:\/\/schema.org","@graph":[{"@type":"Article","@id":"https:\/\/www.ludovika.hu\/en\/blogs\/the-daily-european\/2024\/02\/09\/european-defense-on-the-horizon\/#article","isPartOf":{"@id":"https:\/\/www.ludovika.hu\/en\/blogs\/the-daily-european\/2024\/02\/09\/european-defense-on-the-horizon\/"},"author":{"name":"Miszlivetz \u00c1ron","@id":"https:\/\/www.ludovika.hu\/#\/schema\/person\/359d679692fa269656e6edfa1345fc7b"},"headline":"European defense on the horizon","datePublished":"2024-02-09T06:30:00+00:00","dateModified":"2025-09-23T10:16:23+00:00","mainEntityOfPage":{"@id":"https:\/\/www.ludovika.hu\/en\/blogs\/the-daily-european\/2024\/02\/09\/european-defense-on-the-horizon\/"},"wordCount":558,"publisher":{"@id":"https:\/\/www.ludovika.hu\/#organization"},"image":{"@id":"https:\/\/www.ludovika.hu\/en\/blogs\/the-daily-european\/2024\/02\/09\/european-defense-on-the-horizon\/#primaryimage"},"thumbnailUrl":"https:\/\/www.ludovika.hu\/wp-content\/uploads\/2025\/09\/eu-flag_16x9.jpg","keywords":["European Union","NATO","war"],"articleSection":["The Daily European"],"inLanguage":"en-US"},{"@type":"WebPage","@id":"https:\/\/www.ludovika.hu\/en\/blogs\/the-daily-european\/2024\/02\/09\/european-defense-on-the-horizon\/","url":"https:\/\/www.ludovika.hu\/en\/blogs\/the-daily-european\/2024\/02\/09\/european-defense-on-the-horizon\/","name":"European defense on the horizon - Ludovika.hu","isPartOf":{"@id":"https:\/\/www.ludovika.hu\/#website"},"primaryImageOfPage":{"@id":"https:\/\/www.ludovika.hu\/en\/blogs\/the-daily-european\/2024\/02\/09\/european-defense-on-the-horizon\/#primaryimage"},"image":{"@id":"https:\/\/www.ludovika.hu\/en\/blogs\/the-daily-european\/2024\/02\/09\/european-defense-on-the-horizon\/#primaryimage"},"thumbnailUrl":"https:\/\/www.ludovika.hu\/wp-content\/uploads\/2025\/09\/eu-flag_16x9.jpg","datePublished":"2024-02-09T06:30:00+00:00","dateModified":"2025-09-23T10:16:23+00:00","breadcrumb":{"@id":"https:\/\/www.ludovika.hu\/en\/blogs\/the-daily-european\/2024\/02\/09\/european-defense-on-the-horizon\/#breadcrumb"},"inLanguage":"en-US","potentialAction":[{"@type":"ReadAction","target":["https:\/\/www.ludovika.hu\/en\/blogs\/the-daily-european\/2024\/02\/09\/european-defense-on-the-horizon\/"]}]},{"@type":"ImageObject","inLanguage":"en-US","@id":"https:\/\/www.ludovika.hu\/en\/blogs\/the-daily-european\/2024\/02\/09\/european-defense-on-the-horizon\/#primaryimage","url":"https:\/\/www.ludovika.hu\/wp-content\/uploads\/2025\/09\/eu-flag_16x9.jpg","contentUrl":"https:\/\/www.ludovika.hu\/wp-content\/uploads\/2025\/09\/eu-flag_16x9.jpg","width":2370,"height":1333},{"@type":"BreadcrumbList","@id":"https:\/\/www.ludovika.hu\/en\/blogs\/the-daily-european\/2024\/02\/09\/european-defense-on-the-horizon\/#breadcrumb","itemListElement":[{"@type":"ListItem","position":1,"name":"BLOGS","item":"https:\/\/www.ludovika.hu\/en\/blogs\/"},{"@type":"ListItem","position":2,"name":"The Daily European","item":"https:\/\/www.ludovika.hu\/en\/blogs\/the-daily-european\/"},{"@type":"ListItem","position":3,"name":"European defense on the horizon"}]},{"@type":"WebSite","@id":"https:\/\/www.ludovika.hu\/#website","url":"https:\/\/www.ludovika.hu\/","name":"Ludovika.hu","description":"Tudom\u00e1nyos ismeretterjeszt\u0151 platform","publisher":{"@id":"https:\/\/www.ludovika.hu\/#organization"},"potentialAction":[{"@type":"SearchAction","target":{"@type":"EntryPoint","urlTemplate":"https:\/\/www.ludovika.hu\/?s={search_term_string}"},"query-input":{"@type":"PropertyValueSpecification","valueRequired":true,"valueName":"search_term_string"}}],"inLanguage":"en-US"},{"@type":"Organization","@id":"https:\/\/www.ludovika.hu\/#organization","name":"Ludovika Egyetemi Kiad\u00f3","url":"https:\/\/www.ludovika.hu\/","logo":{"@type":"ImageObject","inLanguage":"en-US","@id":"https:\/\/www.ludovika.hu\/#\/schema\/logo\/image\/","url":"https:\/\/www.ludovika.hu\/wp-content\/uploads\/2020\/02\/ludovika_egyetemi_kiado.png","contentUrl":"https:\/\/www.ludovika.hu\/wp-content\/uploads\/2020\/02\/ludovika_egyetemi_kiado.png","width":486,"height":91,"caption":"Ludovika Egyetemi Kiad\u00f3"},"image":{"@id":"https:\/\/www.ludovika.hu\/#\/schema\/logo\/image\/"}},{"@type":"Person","@id":"https:\/\/www.ludovika.hu\/#\/schema\/person\/359d679692fa269656e6edfa1345fc7b","name":"Miszlivetz \u00c1ron","image":{"@type":"ImageObject","inLanguage":"en-US","@id":"https:\/\/www.ludovika.hu\/#\/schema\/person\/image\/","url":"https:\/\/www.ludovika.hu\/wp-content\/uploads\/2020\/05\/aron_miszlivetz-150x150.jpg","contentUrl":"https:\/\/www.ludovika.hu\/wp-content\/uploads\/2020\/05\/aron_miszlivetz-150x150.jpg","caption":"Miszlivetz \u00c1ron"},"description":"kutat\u00f3, NKE Eur\u00f3pa Strat\u00e9gia Kutat\u00f3int\u00e9zet","url":"https:\/\/www.ludovika.hu\/en\/author\/aron-miszlivetz\/"}]}},"_links":{"self":[{"href":"https:\/\/www.ludovika.hu\/en\/wp-json\/wp\/v2\/posts\/44671","targetHints":{"allow":["GET"]}}],"collection":[{"href":"https:\/\/www.ludovika.hu\/en\/wp-json\/wp\/v2\/posts"}],"about":[{"href":"https:\/\/www.ludovika.hu\/en\/wp-json\/wp\/v2\/types\/post"}],"author":[{"embeddable":true,"href":"https:\/\/www.ludovika.hu\/en\/wp-json\/wp\/v2\/users\/91"}],"replies":[{"embeddable":true,"href":"https:\/\/www.ludovika.hu\/en\/wp-json\/wp\/v2\/comments?post=44671"}],"version-history":[{"count":3,"href":"https:\/\/www.ludovika.hu\/en\/wp-json\/wp\/v2\/posts\/44671\/revisions"}],"predecessor-version":[{"id":58335,"href":"https:\/\/www.ludovika.hu\/en\/wp-json\/wp\/v2\/posts\/44671\/revisions\/58335"}],"wp:featuredmedia":[{"embeddable":true,"href":"https:\/\/www.ludovika.hu\/en\/wp-json\/wp\/v2\/media\/58002"}],"wp:attachment":[{"href":"https:\/\/www.ludovika.hu\/en\/wp-json\/wp\/v2\/media?parent=44671"}],"wp:term":[{"taxonomy":"category","embeddable":true,"href":"https:\/\/www.ludovika.hu\/en\/wp-json\/wp\/v2\/categories?post=44671"},{"taxonomy":"post_tag","embeddable":true,"href":"https:\/\/www.ludovika.hu\/en\/wp-json\/wp\/v2\/tags?post=44671"}],"curies":[{"name":"wp","href":"https:\/\/api.w.org\/{rel}","templated":true}]}}