{"id":40200,"date":"2023-09-25T07:33:39","date_gmt":"2023-09-25T05:33:39","guid":{"rendered":"https:\/\/www.ludovika.hu\/?p=40200"},"modified":"2023-09-25T07:35:13","modified_gmt":"2023-09-25T05:35:13","slug":"reforms-for-a-new-europe-a-revival-of-the-franco-german-tandem","status":"publish","type":"post","link":"https:\/\/www.ludovika.hu\/en\/blogs\/the-daily-european\/2023\/09\/25\/reforms-for-a-new-europe-a-revival-of-the-franco-german-tandem\/","title":{"rendered":"Reforms for a new Europe: A revival of the Franco-German tandem?"},"content":{"rendered":"\n<p><strong>While the recent report of the European Investment Bank places a gloomy look for Europe\u2019s economy due to the consequences of the crisis in Ukraine, new momentum has gained for a renewed dialogue for an expanded European Union. Written by French and German experts, the two countries&#8217; governments are willing to create a new debate for a post-war Europe. But will it be feasible and let alone successful?<\/strong><\/p>\n\n\n\n<p>Many European politicians have been intrigued by the idea on how Europe will look like by 2030 and how the EU would be functioning with over 30 member states. While Macron called on a&nbsp;<a href=\"https:\/\/www.politico.eu\/article\/france-president-emmanuel-macron-multi-speed-europe-enlargement-ukraine-moldova-balkans\/\">\u201cmulti-speed Europe\u201d<\/a>&nbsp;while Scholz has called upon instigation EU institutional reforms, by speeding up decision-making in the Council, where&nbsp;<a href=\"https:\/\/www.bundesregierung.de\/breg-en\/news\/address-by-olaf-scholz-2189412\">enlargement<\/a>&nbsp;will not be the ultimate reason for reform, but serve as a point of reference. The Group of Twelve envisages a multi-layer EU, with four distinct circles defining what benefits and responsibilities member states, EFTA members, candidate and non-candidate countries will receive.<\/p>\n\n\n\n<p>The European Political Community 2.0 will serve as the outmost layer of European integration, focusing on geopolitical convergence and bilateral agreements with the EU. Here, countries have the freedom but not the responsibility to align their economic and political interests with or without the EU. This can be beneficial when creating free trade agreements and tariff-free economic zones for maintaining the global economy. Next to this, what the experts call \u201cassociate membership\u201d is similar to the EU-UK relationship, while not being determined by an&nbsp;<a href=\"https:\/\/commonslibrary.parliament.uk\/research-briefings\/cbp-7230\/\">\u201cever closer union\u201d<\/a>&nbsp;to which Prime Minister Cameron didn\u2019t want his country to be determined by.&nbsp;<\/p>\n\n\n\n<p>These two layers \u2013 open to any European country \u2013 envisage a possible step towards EU membership but is not a requirement for cooperation. Interestingly they also mention a \u201cguest status\u201d which can be open to countries in the Mediterranean and the Southern Neighborhood.&nbsp;<\/p>\n\n\n\n<p>The inner circle if further defined as being full EU members and a core group of the coalition of the willing, such as members of the Eurozone. In addition, the Treaties enable&nbsp;<a href=\"https:\/\/eur-lex.europa.eu\/EN\/legal-content\/glossary\/enhanced-cooperation.html\">enhanced cooperation<\/a>&nbsp;with a minimum of 9 member states setting up advanced integration in a specific field. This can be a form of the European Defense Union. An EU with over 30 members will have a very different political power dynamic than that of today. A shift to Central Eastern Europe towards candidate countries will change the priorities, the economy, and ways of cooperating on various policy levels. New ideas never fall short of trying to reform the old continent. Making EU institutions ready for an enlarged membership is necessary, the question is who and in what sense will lose or gain decision-making power and influence over policies. Maintaining the current 751 seats of the European Parliament seems fair, however a Presidency quintet taking up half an institutional cycle is a different story. Speeding up the decision-making process by introducing qualified majority will be a sour-pill for new and small member states, which can have the side-effect of weakening their voice.&nbsp;<\/p>\n\n\n\n<p>The European Union can be defined as a process constantly in flux and change. It will never arrive at a finishing point, but will be shaped by all its members, its citizens, and institutions. The Franco-German paper, while having a uniquely Western perspective, is only one of the many ideas circulating today. While the European Union is trying to find answers to maintain peace and security, which seems ever more distant for the future.&nbsp;<\/p>\n\n\n\n<p><em>Photo:\u00a0<a href=\"https:\/\/www.euractiv.com\/wp-content\/uploads\/sites\/2\/2021\/12\/w_57360664.jpg\">euractiv.com<\/a><\/em><\/p>\n","protected":false},"excerpt":{"rendered":"<p>The European Political Community 2.0.<\/p>\n","protected":false},"author":91,"featured_media":40201,"comment_status":"closed","ping_status":"closed","sticky":false,"template":"","format":"standard","meta":{"_acf_changed":false,"footnotes":""},"categories":[1506],"tags":[1564,3748],"class_list":["post-40200","post","type-post","status-publish","format-standard","has-post-thumbnail","hentry","category-the-daily-european","tag-european-union","tag-tandem"],"featured_image_src":"https:\/\/www.ludovika.hu\/wp-content\/uploads\/2023\/09\/tandem.jpg","author_info":{"display_name":"Miszlivetz \u00c1ron","author_link":"https:\/\/www.ludovika.hu\/en\/author\/aron-miszlivetz\/"},"acf":[],"yoast_head":"<!-- This site is optimized with the Yoast SEO plugin v26.3 - https:\/\/yoast.com\/wordpress\/plugins\/seo\/ -->\n<title>Reforms for a new Europe: A revival of the Franco-German tandem? - Ludovika.hu<\/title>\n<meta name=\"robots\" content=\"index, follow, max-snippet:-1, max-image-preview:large, max-video-preview:-1\" \/>\n<link rel=\"canonical\" href=\"https:\/\/www.ludovika.hu\/en\/blogs\/the-daily-european\/2023\/09\/25\/reforms-for-a-new-europe-a-revival-of-the-franco-german-tandem\/\" \/>\n<meta property=\"og:locale\" content=\"en_US\" \/>\n<meta property=\"og:type\" content=\"article\" \/>\n<meta property=\"og:title\" content=\"Reforms for a new Europe: A revival of the Franco-German tandem? - Ludovika.hu\" \/>\n<meta property=\"og:description\" content=\"The European Political Community 2.0.\" \/>\n<meta property=\"og:url\" content=\"https:\/\/www.ludovika.hu\/en\/blogs\/the-daily-european\/2023\/09\/25\/reforms-for-a-new-europe-a-revival-of-the-franco-german-tandem\/\" \/>\n<meta property=\"og:site_name\" content=\"Ludovika.hu\" \/>\n<meta property=\"article:published_time\" content=\"2023-09-25T05:33:39+00:00\" \/>\n<meta property=\"article:modified_time\" content=\"2023-09-25T05:35:13+00:00\" \/>\n<meta property=\"og:image\" content=\"https:\/\/www.ludovika.hu\/wp-content\/uploads\/2023\/09\/tandem.jpg\" \/>\n\t<meta property=\"og:image:width\" content=\"936\" \/>\n\t<meta property=\"og:image:height\" content=\"624\" \/>\n\t<meta property=\"og:image:type\" content=\"image\/jpeg\" \/>\n<meta name=\"author\" content=\"Miszlivetz \u00c1ron\" \/>\n<meta name=\"twitter:card\" content=\"summary_large_image\" \/>\n<meta name=\"twitter:label1\" content=\"Written by\" \/>\n\t<meta name=\"twitter:data1\" content=\"Miszlivetz \u00c1ron\" \/>\n\t<meta name=\"twitter:label2\" content=\"Est. reading time\" \/>\n\t<meta name=\"twitter:data2\" content=\"4 minutes\" \/>\n<script type=\"application\/ld+json\" class=\"yoast-schema-graph\">{\"@context\":\"https:\/\/schema.org\",\"@graph\":[{\"@type\":\"Article\",\"@id\":\"https:\/\/www.ludovika.hu\/en\/blogs\/the-daily-european\/2023\/09\/25\/reforms-for-a-new-europe-a-revival-of-the-franco-german-tandem\/#article\",\"isPartOf\":{\"@id\":\"https:\/\/www.ludovika.hu\/en\/blogs\/the-daily-european\/2023\/09\/25\/reforms-for-a-new-europe-a-revival-of-the-franco-german-tandem\/\"},\"author\":{\"name\":\"Miszlivetz \u00c1ron\",\"@id\":\"https:\/\/www.ludovika.hu\/#\/schema\/person\/359d679692fa269656e6edfa1345fc7b\"},\"headline\":\"Reforms for a new Europe: A revival of the Franco-German tandem?\",\"datePublished\":\"2023-09-25T05:33:39+00:00\",\"dateModified\":\"2023-09-25T05:35:13+00:00\",\"mainEntityOfPage\":{\"@id\":\"https:\/\/www.ludovika.hu\/en\/blogs\/the-daily-european\/2023\/09\/25\/reforms-for-a-new-europe-a-revival-of-the-franco-german-tandem\/\"},\"wordCount\":595,\"publisher\":{\"@id\":\"https:\/\/www.ludovika.hu\/#organization\"},\"image\":{\"@id\":\"https:\/\/www.ludovika.hu\/en\/blogs\/the-daily-european\/2023\/09\/25\/reforms-for-a-new-europe-a-revival-of-the-franco-german-tandem\/#primaryimage\"},\"thumbnailUrl\":\"https:\/\/www.ludovika.hu\/wp-content\/uploads\/2023\/09\/tandem.jpg\",\"keywords\":[\"European Union\",\"tandem\"],\"articleSection\":[\"The Daily European\"],\"inLanguage\":\"en-US\"},{\"@type\":\"WebPage\",\"@id\":\"https:\/\/www.ludovika.hu\/en\/blogs\/the-daily-european\/2023\/09\/25\/reforms-for-a-new-europe-a-revival-of-the-franco-german-tandem\/\",\"url\":\"https:\/\/www.ludovika.hu\/en\/blogs\/the-daily-european\/2023\/09\/25\/reforms-for-a-new-europe-a-revival-of-the-franco-german-tandem\/\",\"name\":\"Reforms for a new Europe: A revival of the Franco-German tandem? - Ludovika.hu\",\"isPartOf\":{\"@id\":\"https:\/\/www.ludovika.hu\/#website\"},\"primaryImageOfPage\":{\"@id\":\"https:\/\/www.ludovika.hu\/en\/blogs\/the-daily-european\/2023\/09\/25\/reforms-for-a-new-europe-a-revival-of-the-franco-german-tandem\/#primaryimage\"},\"image\":{\"@id\":\"https:\/\/www.ludovika.hu\/en\/blogs\/the-daily-european\/2023\/09\/25\/reforms-for-a-new-europe-a-revival-of-the-franco-german-tandem\/#primaryimage\"},\"thumbnailUrl\":\"https:\/\/www.ludovika.hu\/wp-content\/uploads\/2023\/09\/tandem.jpg\",\"datePublished\":\"2023-09-25T05:33:39+00:00\",\"dateModified\":\"2023-09-25T05:35:13+00:00\",\"breadcrumb\":{\"@id\":\"https:\/\/www.ludovika.hu\/en\/blogs\/the-daily-european\/2023\/09\/25\/reforms-for-a-new-europe-a-revival-of-the-franco-german-tandem\/#breadcrumb\"},\"inLanguage\":\"en-US\",\"potentialAction\":[{\"@type\":\"ReadAction\",\"target\":[\"https:\/\/www.ludovika.hu\/en\/blogs\/the-daily-european\/2023\/09\/25\/reforms-for-a-new-europe-a-revival-of-the-franco-german-tandem\/\"]}]},{\"@type\":\"ImageObject\",\"inLanguage\":\"en-US\",\"@id\":\"https:\/\/www.ludovika.hu\/en\/blogs\/the-daily-european\/2023\/09\/25\/reforms-for-a-new-europe-a-revival-of-the-franco-german-tandem\/#primaryimage\",\"url\":\"https:\/\/www.ludovika.hu\/wp-content\/uploads\/2023\/09\/tandem.jpg\",\"contentUrl\":\"https:\/\/www.ludovika.hu\/wp-content\/uploads\/2023\/09\/tandem.jpg\",\"width\":936,\"height\":624},{\"@type\":\"BreadcrumbList\",\"@id\":\"https:\/\/www.ludovika.hu\/en\/blogs\/the-daily-european\/2023\/09\/25\/reforms-for-a-new-europe-a-revival-of-the-franco-german-tandem\/#breadcrumb\",\"itemListElement\":[{\"@type\":\"ListItem\",\"position\":1,\"name\":\"BLOGS\",\"item\":\"https:\/\/www.ludovika.hu\/en\/blogs\/\"},{\"@type\":\"ListItem\",\"position\":2,\"name\":\"The Daily European\",\"item\":\"https:\/\/www.ludovika.hu\/en\/blogs\/the-daily-european\/\"},{\"@type\":\"ListItem\",\"position\":3,\"name\":\"Reforms for a new Europe: A revival of the Franco-German tandem?\"}]},{\"@type\":\"WebSite\",\"@id\":\"https:\/\/www.ludovika.hu\/#website\",\"url\":\"https:\/\/www.ludovika.hu\/\",\"name\":\"Ludovika.hu\",\"description\":\"Tudom\u00e1nyos ismeretterjeszt\u0151 platform\",\"publisher\":{\"@id\":\"https:\/\/www.ludovika.hu\/#organization\"},\"potentialAction\":[{\"@type\":\"SearchAction\",\"target\":{\"@type\":\"EntryPoint\",\"urlTemplate\":\"https:\/\/www.ludovika.hu\/?s={search_term_string}\"},\"query-input\":{\"@type\":\"PropertyValueSpecification\",\"valueRequired\":true,\"valueName\":\"search_term_string\"}}],\"inLanguage\":\"en-US\"},{\"@type\":\"Organization\",\"@id\":\"https:\/\/www.ludovika.hu\/#organization\",\"name\":\"Ludovika Egyetemi Kiad\u00f3\",\"url\":\"https:\/\/www.ludovika.hu\/\",\"logo\":{\"@type\":\"ImageObject\",\"inLanguage\":\"en-US\",\"@id\":\"https:\/\/www.ludovika.hu\/#\/schema\/logo\/image\/\",\"url\":\"https:\/\/www.ludovika.hu\/wp-content\/uploads\/2020\/02\/ludovika_egyetemi_kiado.png\",\"contentUrl\":\"https:\/\/www.ludovika.hu\/wp-content\/uploads\/2020\/02\/ludovika_egyetemi_kiado.png\",\"width\":486,\"height\":91,\"caption\":\"Ludovika Egyetemi Kiad\u00f3\"},\"image\":{\"@id\":\"https:\/\/www.ludovika.hu\/#\/schema\/logo\/image\/\"}},{\"@type\":\"Person\",\"@id\":\"https:\/\/www.ludovika.hu\/#\/schema\/person\/359d679692fa269656e6edfa1345fc7b\",\"name\":\"Miszlivetz \u00c1ron\",\"image\":{\"@type\":\"ImageObject\",\"inLanguage\":\"en-US\",\"@id\":\"https:\/\/www.ludovika.hu\/#\/schema\/person\/image\/\",\"url\":\"https:\/\/www.ludovika.hu\/wp-content\/uploads\/2020\/05\/aron_miszlivetz-150x150.jpg\",\"contentUrl\":\"https:\/\/www.ludovika.hu\/wp-content\/uploads\/2020\/05\/aron_miszlivetz-150x150.jpg\",\"caption\":\"Miszlivetz \u00c1ron\"},\"description\":\"kutat\u00f3, NKE Eur\u00f3pa Strat\u00e9gia Kutat\u00f3int\u00e9zet\",\"url\":\"https:\/\/www.ludovika.hu\/en\/author\/aron-miszlivetz\/\"}]}<\/script>\n<!-- \/ Yoast SEO plugin. -->","yoast_head_json":{"title":"Reforms for a new Europe: A revival of the Franco-German tandem? - Ludovika.hu","robots":{"index":"index","follow":"follow","max-snippet":"max-snippet:-1","max-image-preview":"max-image-preview:large","max-video-preview":"max-video-preview:-1"},"canonical":"https:\/\/www.ludovika.hu\/en\/blogs\/the-daily-european\/2023\/09\/25\/reforms-for-a-new-europe-a-revival-of-the-franco-german-tandem\/","og_locale":"en_US","og_type":"article","og_title":"Reforms for a new Europe: A revival of the Franco-German tandem? - Ludovika.hu","og_description":"The European Political Community 2.0.","og_url":"https:\/\/www.ludovika.hu\/en\/blogs\/the-daily-european\/2023\/09\/25\/reforms-for-a-new-europe-a-revival-of-the-franco-german-tandem\/","og_site_name":"Ludovika.hu","article_published_time":"2023-09-25T05:33:39+00:00","article_modified_time":"2023-09-25T05:35:13+00:00","og_image":[{"width":936,"height":624,"url":"https:\/\/www.ludovika.hu\/wp-content\/uploads\/2023\/09\/tandem.jpg","type":"image\/jpeg"}],"author":"Miszlivetz \u00c1ron","twitter_card":"summary_large_image","twitter_misc":{"Written by":"Miszlivetz \u00c1ron","Est. reading time":"4 minutes"},"schema":{"@context":"https:\/\/schema.org","@graph":[{"@type":"Article","@id":"https:\/\/www.ludovika.hu\/en\/blogs\/the-daily-european\/2023\/09\/25\/reforms-for-a-new-europe-a-revival-of-the-franco-german-tandem\/#article","isPartOf":{"@id":"https:\/\/www.ludovika.hu\/en\/blogs\/the-daily-european\/2023\/09\/25\/reforms-for-a-new-europe-a-revival-of-the-franco-german-tandem\/"},"author":{"name":"Miszlivetz \u00c1ron","@id":"https:\/\/www.ludovika.hu\/#\/schema\/person\/359d679692fa269656e6edfa1345fc7b"},"headline":"Reforms for a new Europe: A revival of the Franco-German tandem?","datePublished":"2023-09-25T05:33:39+00:00","dateModified":"2023-09-25T05:35:13+00:00","mainEntityOfPage":{"@id":"https:\/\/www.ludovika.hu\/en\/blogs\/the-daily-european\/2023\/09\/25\/reforms-for-a-new-europe-a-revival-of-the-franco-german-tandem\/"},"wordCount":595,"publisher":{"@id":"https:\/\/www.ludovika.hu\/#organization"},"image":{"@id":"https:\/\/www.ludovika.hu\/en\/blogs\/the-daily-european\/2023\/09\/25\/reforms-for-a-new-europe-a-revival-of-the-franco-german-tandem\/#primaryimage"},"thumbnailUrl":"https:\/\/www.ludovika.hu\/wp-content\/uploads\/2023\/09\/tandem.jpg","keywords":["European Union","tandem"],"articleSection":["The Daily European"],"inLanguage":"en-US"},{"@type":"WebPage","@id":"https:\/\/www.ludovika.hu\/en\/blogs\/the-daily-european\/2023\/09\/25\/reforms-for-a-new-europe-a-revival-of-the-franco-german-tandem\/","url":"https:\/\/www.ludovika.hu\/en\/blogs\/the-daily-european\/2023\/09\/25\/reforms-for-a-new-europe-a-revival-of-the-franco-german-tandem\/","name":"Reforms for a new Europe: A revival of the Franco-German tandem? - Ludovika.hu","isPartOf":{"@id":"https:\/\/www.ludovika.hu\/#website"},"primaryImageOfPage":{"@id":"https:\/\/www.ludovika.hu\/en\/blogs\/the-daily-european\/2023\/09\/25\/reforms-for-a-new-europe-a-revival-of-the-franco-german-tandem\/#primaryimage"},"image":{"@id":"https:\/\/www.ludovika.hu\/en\/blogs\/the-daily-european\/2023\/09\/25\/reforms-for-a-new-europe-a-revival-of-the-franco-german-tandem\/#primaryimage"},"thumbnailUrl":"https:\/\/www.ludovika.hu\/wp-content\/uploads\/2023\/09\/tandem.jpg","datePublished":"2023-09-25T05:33:39+00:00","dateModified":"2023-09-25T05:35:13+00:00","breadcrumb":{"@id":"https:\/\/www.ludovika.hu\/en\/blogs\/the-daily-european\/2023\/09\/25\/reforms-for-a-new-europe-a-revival-of-the-franco-german-tandem\/#breadcrumb"},"inLanguage":"en-US","potentialAction":[{"@type":"ReadAction","target":["https:\/\/www.ludovika.hu\/en\/blogs\/the-daily-european\/2023\/09\/25\/reforms-for-a-new-europe-a-revival-of-the-franco-german-tandem\/"]}]},{"@type":"ImageObject","inLanguage":"en-US","@id":"https:\/\/www.ludovika.hu\/en\/blogs\/the-daily-european\/2023\/09\/25\/reforms-for-a-new-europe-a-revival-of-the-franco-german-tandem\/#primaryimage","url":"https:\/\/www.ludovika.hu\/wp-content\/uploads\/2023\/09\/tandem.jpg","contentUrl":"https:\/\/www.ludovika.hu\/wp-content\/uploads\/2023\/09\/tandem.jpg","width":936,"height":624},{"@type":"BreadcrumbList","@id":"https:\/\/www.ludovika.hu\/en\/blogs\/the-daily-european\/2023\/09\/25\/reforms-for-a-new-europe-a-revival-of-the-franco-german-tandem\/#breadcrumb","itemListElement":[{"@type":"ListItem","position":1,"name":"BLOGS","item":"https:\/\/www.ludovika.hu\/en\/blogs\/"},{"@type":"ListItem","position":2,"name":"The Daily European","item":"https:\/\/www.ludovika.hu\/en\/blogs\/the-daily-european\/"},{"@type":"ListItem","position":3,"name":"Reforms for a new Europe: A revival of the Franco-German tandem?"}]},{"@type":"WebSite","@id":"https:\/\/www.ludovika.hu\/#website","url":"https:\/\/www.ludovika.hu\/","name":"Ludovika.hu","description":"Tudom\u00e1nyos ismeretterjeszt\u0151 platform","publisher":{"@id":"https:\/\/www.ludovika.hu\/#organization"},"potentialAction":[{"@type":"SearchAction","target":{"@type":"EntryPoint","urlTemplate":"https:\/\/www.ludovika.hu\/?s={search_term_string}"},"query-input":{"@type":"PropertyValueSpecification","valueRequired":true,"valueName":"search_term_string"}}],"inLanguage":"en-US"},{"@type":"Organization","@id":"https:\/\/www.ludovika.hu\/#organization","name":"Ludovika Egyetemi Kiad\u00f3","url":"https:\/\/www.ludovika.hu\/","logo":{"@type":"ImageObject","inLanguage":"en-US","@id":"https:\/\/www.ludovika.hu\/#\/schema\/logo\/image\/","url":"https:\/\/www.ludovika.hu\/wp-content\/uploads\/2020\/02\/ludovika_egyetemi_kiado.png","contentUrl":"https:\/\/www.ludovika.hu\/wp-content\/uploads\/2020\/02\/ludovika_egyetemi_kiado.png","width":486,"height":91,"caption":"Ludovika Egyetemi Kiad\u00f3"},"image":{"@id":"https:\/\/www.ludovika.hu\/#\/schema\/logo\/image\/"}},{"@type":"Person","@id":"https:\/\/www.ludovika.hu\/#\/schema\/person\/359d679692fa269656e6edfa1345fc7b","name":"Miszlivetz \u00c1ron","image":{"@type":"ImageObject","inLanguage":"en-US","@id":"https:\/\/www.ludovika.hu\/#\/schema\/person\/image\/","url":"https:\/\/www.ludovika.hu\/wp-content\/uploads\/2020\/05\/aron_miszlivetz-150x150.jpg","contentUrl":"https:\/\/www.ludovika.hu\/wp-content\/uploads\/2020\/05\/aron_miszlivetz-150x150.jpg","caption":"Miszlivetz \u00c1ron"},"description":"kutat\u00f3, NKE Eur\u00f3pa Strat\u00e9gia Kutat\u00f3int\u00e9zet","url":"https:\/\/www.ludovika.hu\/en\/author\/aron-miszlivetz\/"}]}},"_links":{"self":[{"href":"https:\/\/www.ludovika.hu\/en\/wp-json\/wp\/v2\/posts\/40200","targetHints":{"allow":["GET"]}}],"collection":[{"href":"https:\/\/www.ludovika.hu\/en\/wp-json\/wp\/v2\/posts"}],"about":[{"href":"https:\/\/www.ludovika.hu\/en\/wp-json\/wp\/v2\/types\/post"}],"author":[{"embeddable":true,"href":"https:\/\/www.ludovika.hu\/en\/wp-json\/wp\/v2\/users\/91"}],"replies":[{"embeddable":true,"href":"https:\/\/www.ludovika.hu\/en\/wp-json\/wp\/v2\/comments?post=40200"}],"version-history":[{"count":3,"href":"https:\/\/www.ludovika.hu\/en\/wp-json\/wp\/v2\/posts\/40200\/revisions"}],"predecessor-version":[{"id":40205,"href":"https:\/\/www.ludovika.hu\/en\/wp-json\/wp\/v2\/posts\/40200\/revisions\/40205"}],"wp:featuredmedia":[{"embeddable":true,"href":"https:\/\/www.ludovika.hu\/en\/wp-json\/wp\/v2\/media\/40201"}],"wp:attachment":[{"href":"https:\/\/www.ludovika.hu\/en\/wp-json\/wp\/v2\/media?parent=40200"}],"wp:term":[{"taxonomy":"category","embeddable":true,"href":"https:\/\/www.ludovika.hu\/en\/wp-json\/wp\/v2\/categories?post=40200"},{"taxonomy":"post_tag","embeddable":true,"href":"https:\/\/www.ludovika.hu\/en\/wp-json\/wp\/v2\/tags?post=40200"}],"curies":[{"name":"wp","href":"https:\/\/api.w.org\/{rel}","templated":true}]}}